{"id":854,"date":"2023-02-10T13:02:08","date_gmt":"2023-02-10T13:02:08","guid":{"rendered":"https:\/\/josecadelo.com\/?p=854"},"modified":"2023-02-10T13:02:50","modified_gmt":"2023-02-10T13:02:50","slug":"jornadas-de-emprendimiento","status":"publish","type":"post","link":"https:\/\/josecadelo.com\/index.php\/2023\/02\/10\/jornadas-de-emprendimiento\/","title":{"rendered":"Jornadas de emprendimiento"},"content":{"rendered":"<p><span style=\"font-weight: 400;\">Los d\u00edas 7 y 8 de febrero, los ciclos formativos de farmacia y peluquer\u00eda participaron en las jornadas de emprendimiento del centro, dentro del modulo de Empresa e Iniciatva Emprendedora. El alumnado de farmacia recibi\u00f3 una charla impartida por la Licenciada Ana Vallejo, titular de la farmacia de la calle Alta. En dicha charla la farmac\u00e9utica coment\u00f3 su experiencia como emprendedora, los aspectos positivos y negativos de ser aut\u00f3noma, destacando sobre todo como aspecto diferenciador el tener un comprometido equipo humano en el desarrollo de la actividad.<\/span><\/p>\n<p><span style=\"font-weight: 400;\">De una forma similar el alumnado de peluquer\u00eda recibi\u00f3 una charla de Sina, due\u00f1a de la peluqeria Estilistas Sielen y antigua estudiante del ciclo en el centro. Sina tambi\u00e9n destac\u00f3 el tener un buen equipo como base para crecer en el negocio. As\u00ed mismo comentaba ante las preguntas de los chicos, casos pr\u00e1cticos en los que los alumnos se van a encontrar en su etapa de FCT, de pr\u00e1cticas en la empresas.<\/span><\/p>\n<p><span style=\"font-weight: 400;\">Gracias a las dos por vuestro tiempo e inter\u00e9s en charlar con los alumnos sobre la realidad de lo que es crear un negocio. A los alumnos y a nosotros los profesores nos ha encantado escucharos.<\/span><\/p>\n<p><img loading=\"lazy\" decoding=\"async\" class=\"size-medium wp-image-856 aligncenter\" src=\"https:\/\/josecadelo.com\/wp-content\/uploads\/2023\/02\/20230208_094151-300x225.jpg\" alt=\"\" width=\"300\" height=\"225\" srcset=\"https:\/\/josecadelo.com\/wp-content\/uploads\/2023\/02\/20230208_094151-300x225.jpg 300w, https:\/\/josecadelo.com\/wp-content\/uploads\/2023\/02\/20230208_094151-1024x768.jpg 1024w, https:\/\/josecadelo.com\/wp-content\/uploads\/2023\/02\/20230208_094151-768x576.jpg 768w, https:\/\/josecadelo.com\/wp-content\/uploads\/2023\/02\/20230208_094151-1536x1152.jpg 1536w, https:\/\/josecadelo.com\/wp-content\/uploads\/2023\/02\/20230208_094151-2048x1536.jpg 2048w, https:\/\/josecadelo.com\/wp-content\/uploads\/2023\/02\/20230208_094151-360x270.jpg 360w\" sizes=\"auto, (max-width: 300px) 100vw, 300px\" \/><\/p>\n","protected":false},"excerpt":{"rendered":"<p>Los d\u00edas 7 y 8 de febrero, los ciclos formativos de farmacia y peluquer\u00eda participaron en las jornadas de emprendimiento del centro, dentro del modulo de Empresa e Iniciatva Emprendedora. El alumnado de farmacia recibi\u00f3 una charla impartida por la <a href=\"https:\/\/josecadelo.com\/index.php\/2023\/02\/10\/jornadas-de-emprendimiento\/\" class=\"read-more\">Leer m\u00e1s&#8230;<\/a><\/p>\n","protected":false},"author":1,"featured_media":855,"comment_status":"open","ping_status":"closed","sticky":false,"template":"","format":"standard","meta":{"footnotes":""},"categories":[6,7],"tags":[],"class_list":["post-854","post","type-post","status-publish","format-standard","has-post-thumbnail","hentry","category-farmacia","category-peluqueria"],"yoast_head":"<!-- This site is optimized with the Yoast SEO plugin v16.1.1 - https:\/\/yoast.com\/wordpress\/plugins\/seo\/ -->\n<title>Jornadas de emprendimiento - P\u00e1gina web de JOSE CADELO<\/title>\n<link rel=\"canonical\" href=\"https:\/\/josecadelo.com\/index.php\/2023\/02\/10\/jornadas-de-emprendimiento\/\" \/>\n<meta property=\"og:locale\" content=\"es_ES\" \/>\n<meta property=\"og:type\" content=\"article\" \/>\n<meta property=\"og:title\" content=\"Jornadas de emprendimiento - P\u00e1gina web de JOSE CADELO\" \/>\n<meta property=\"og:description\" content=\"Los d\u00edas 7 y 8 de febrero, los ciclos formativos de farmacia y peluquer\u00eda participaron en las jornadas de emprendimiento del centro, dentro del modulo de Empresa e Iniciatva Emprendedora. El alumnado de farmacia recibi\u00f3 una charla impartida por la Leer m\u00e1s...\" \/>\n<meta property=\"og:url\" content=\"https:\/\/josecadelo.com\/index.php\/2023\/02\/10\/jornadas-de-emprendimiento\/\" \/>\n<meta property=\"og:site_name\" content=\"P\u00e1gina web de JOSE CADELO\" \/>\n<meta property=\"article:published_time\" content=\"2023-02-10T13:02:08+00:00\" \/>\n<meta property=\"article:modified_time\" content=\"2023-02-10T13:02:50+00:00\" \/>\n<meta property=\"og:image\" content=\"https:\/\/josecadelo.com\/wp-content\/uploads\/2023\/02\/20230207_102138-scaled.jpg\" \/>\n\t<meta property=\"og:image:width\" content=\"2560\" \/>\n\t<meta property=\"og:image:height\" content=\"1920\" \/>\n<meta name=\"twitter:card\" content=\"summary_large_image\" \/>\n<meta name=\"twitter:label1\" content=\"Tiempo de lectura\">\n\t<meta name=\"twitter:data1\" content=\"2 minutos\">\n<script type=\"application\/ld+json\" class=\"yoast-schema-graph\">{\"@context\":\"https:\/\/schema.org\",\"@graph\":[{\"@type\":\"WebSite\",\"@id\":\"https:\/\/josecadelo.com\/#website\",\"url\":\"https:\/\/josecadelo.com\/\",\"name\":\"P\\u00e1gina web de JOSE CADELO\",\"description\":\"Profesor de Formaci\\u00f3n Profesional del Colegio \\u00c1ngeles Custodios  y Universidad de Cantabria\",\"potentialAction\":[{\"@type\":\"SearchAction\",\"target\":\"https:\/\/josecadelo.com\/?s={search_term_string}\",\"query-input\":\"required name=search_term_string\"}],\"inLanguage\":\"es\"},{\"@type\":\"ImageObject\",\"@id\":\"https:\/\/josecadelo.com\/index.php\/2023\/02\/10\/jornadas-de-emprendimiento\/#primaryimage\",\"inLanguage\":\"es\",\"url\":\"https:\/\/josecadelo.com\/wp-content\/uploads\/2023\/02\/20230207_102138-scaled.jpg\",\"contentUrl\":\"https:\/\/josecadelo.com\/wp-content\/uploads\/2023\/02\/20230207_102138-scaled.jpg\",\"width\":2560,\"height\":1920},{\"@type\":\"WebPage\",\"@id\":\"https:\/\/josecadelo.com\/index.php\/2023\/02\/10\/jornadas-de-emprendimiento\/#webpage\",\"url\":\"https:\/\/josecadelo.com\/index.php\/2023\/02\/10\/jornadas-de-emprendimiento\/\",\"name\":\"Jornadas de emprendimiento - P\\u00e1gina web de JOSE CADELO\",\"isPartOf\":{\"@id\":\"https:\/\/josecadelo.com\/#website\"},\"primaryImageOfPage\":{\"@id\":\"https:\/\/josecadelo.com\/index.php\/2023\/02\/10\/jornadas-de-emprendimiento\/#primaryimage\"},\"datePublished\":\"2023-02-10T13:02:08+00:00\",\"dateModified\":\"2023-02-10T13:02:50+00:00\",\"author\":{\"@id\":\"https:\/\/josecadelo.com\/#\/schema\/person\/1654f7e23b6841fa9a09d40642fddaa5\"},\"breadcrumb\":{\"@id\":\"https:\/\/josecadelo.com\/index.php\/2023\/02\/10\/jornadas-de-emprendimiento\/#breadcrumb\"},\"inLanguage\":\"es\",\"potentialAction\":[{\"@type\":\"ReadAction\",\"target\":[\"https:\/\/josecadelo.com\/index.php\/2023\/02\/10\/jornadas-de-emprendimiento\/\"]}]},{\"@type\":\"BreadcrumbList\",\"@id\":\"https:\/\/josecadelo.com\/index.php\/2023\/02\/10\/jornadas-de-emprendimiento\/#breadcrumb\",\"itemListElement\":[{\"@type\":\"ListItem\",\"position\":1,\"item\":{\"@type\":\"WebPage\",\"@id\":\"https:\/\/josecadelo.com\/index.php\/2023\/02\/10\/jornadas-de-emprendimiento\/\",\"url\":\"https:\/\/josecadelo.com\/index.php\/2023\/02\/10\/jornadas-de-emprendimiento\/\",\"name\":\"Jornadas de emprendimiento\"}}]},{\"@type\":\"Person\",\"@id\":\"https:\/\/josecadelo.com\/#\/schema\/person\/1654f7e23b6841fa9a09d40642fddaa5\",\"name\":\"admin\",\"image\":{\"@type\":\"ImageObject\",\"@id\":\"https:\/\/josecadelo.com\/#personlogo\",\"inLanguage\":\"es\",\"url\":\"https:\/\/secure.gravatar.com\/avatar\/5187f85bb6479ba531e27a5cec77ca8f7b4aa154ffa4793cc58bb6cb08b089ca?s=96&d=mm&r=g\",\"contentUrl\":\"https:\/\/secure.gravatar.com\/avatar\/5187f85bb6479ba531e27a5cec77ca8f7b4aa154ffa4793cc58bb6cb08b089ca?s=96&d=mm&r=g\",\"caption\":\"admin\"},\"sameAs\":[\"https:\/\/josecadelo.com\"]}]}<\/script>\n<!-- \/ Yoast SEO plugin. -->","_links":{"self":[{"href":"https:\/\/josecadelo.com\/index.php\/wp-json\/wp\/v2\/posts\/854","targetHints":{"allow":["GET"]}}],"collection":[{"href":"https:\/\/josecadelo.com\/index.php\/wp-json\/wp\/v2\/posts"}],"about":[{"href":"https:\/\/josecadelo.com\/index.php\/wp-json\/wp\/v2\/types\/post"}],"author":[{"embeddable":true,"href":"https:\/\/josecadelo.com\/index.php\/wp-json\/wp\/v2\/users\/1"}],"replies":[{"embeddable":true,"href":"https:\/\/josecadelo.com\/index.php\/wp-json\/wp\/v2\/comments?post=854"}],"version-history":[{"count":2,"href":"https:\/\/josecadelo.com\/index.php\/wp-json\/wp\/v2\/posts\/854\/revisions"}],"predecessor-version":[{"id":858,"href":"https:\/\/josecadelo.com\/index.php\/wp-json\/wp\/v2\/posts\/854\/revisions\/858"}],"wp:featuredmedia":[{"embeddable":true,"href":"https:\/\/josecadelo.com\/index.php\/wp-json\/wp\/v2\/media\/855"}],"wp:attachment":[{"href":"https:\/\/josecadelo.com\/index.php\/wp-json\/wp\/v2\/media?parent=854"}],"wp:term":[{"taxonomy":"category","embeddable":true,"href":"https:\/\/josecadelo.com\/index.php\/wp-json\/wp\/v2\/categories?post=854"},{"taxonomy":"post_tag","embeddable":true,"href":"https:\/\/josecadelo.com\/index.php\/wp-json\/wp\/v2\/tags?post=854"}],"curies":[{"name":"wp","href":"https:\/\/api.w.org\/{rel}","templated":true}]}}