{"id":673,"date":"2021-09-15T21:04:27","date_gmt":"2021-09-15T21:04:27","guid":{"rendered":"https:\/\/josecadelo.com\/?p=673"},"modified":"2026-04-27T11:41:28","modified_gmt":"2026-04-27T11:41:28","slug":"convivencia-de-inicio-de-curso-2021-22","status":"publish","type":"post","link":"https:\/\/josecadelo.com\/index.php\/2021\/09\/15\/convivencia-de-inicio-de-curso-2021-22\/","title":{"rendered":"Convivencia de inicio de curso 2021-22"},"content":{"rendered":"<p>Los alumnos del ciclo de Administrativo visitan la exposici\u00f3n de Picasso en el Centro Bot\u00edn como salida cultural de inicio de curso 2021-22. Un bonito d\u00eda para comentar la gran exposici\u00f3n de Picasso a la que pudimos asistir.<br \/>\nPara ver mas fotos visita mi Instagram.<\/p>\n<p><a href=\"https:\/\/josecadelo.com\/wp-content\/uploads\/2021\/09\/salida-la-centro-botin.jpg\"><img loading=\"lazy\" decoding=\"async\" class=\"alignnone wp-image-674 size-full\" src=\"https:\/\/josecadelo.com\/wp-content\/uploads\/2021\/09\/salida-la-centro-botin.jpg\" alt=\"\" width=\"1440\" height=\"1080\" srcset=\"https:\/\/josecadelo.com\/wp-content\/uploads\/2021\/09\/salida-la-centro-botin.jpg 1440w, https:\/\/josecadelo.com\/wp-content\/uploads\/2021\/09\/salida-la-centro-botin-300x225.jpg 300w, https:\/\/josecadelo.com\/wp-content\/uploads\/2021\/09\/salida-la-centro-botin-1024x768.jpg 1024w, https:\/\/josecadelo.com\/wp-content\/uploads\/2021\/09\/salida-la-centro-botin-768x576.jpg 768w, https:\/\/josecadelo.com\/wp-content\/uploads\/2021\/09\/salida-la-centro-botin-360x270.jpg 360w\" sizes=\"auto, (max-width: 1440px) 100vw, 1440px\" \/><\/a><\/p>\n","protected":false},"excerpt":{"rendered":"<p>Los alumnos del ciclo de Administrativo visitan la exposici\u00f3n de Picasso en el Centro Bot\u00edn como salida cultural de inicio de curso 2021-22. Un bonito d\u00eda para comentar la gran exposici\u00f3n de Picasso a la que pudimos asistir. Para ver <a href=\"https:\/\/josecadelo.com\/index.php\/2021\/09\/15\/convivencia-de-inicio-de-curso-2021-22\/\" class=\"read-more\">Leer m\u00e1s&#8230;<\/a><\/p>\n","protected":false},"author":1,"featured_media":870,"comment_status":"open","ping_status":"closed","sticky":false,"template":"","format":"standard","meta":{"footnotes":""},"categories":[5],"tags":[],"class_list":["post-673","post","type-post","status-publish","format-standard","has-post-thumbnail","hentry","category-administrativo"],"yoast_head":"<!-- This site is optimized with the Yoast SEO plugin v16.1.1 - https:\/\/yoast.com\/wordpress\/plugins\/seo\/ -->\n<title>Convivencia de inicio de curso 2021-22 - P\u00e1gina web de JOSE CADELO<\/title>\n<link rel=\"canonical\" href=\"https:\/\/josecadelo.com\/index.php\/2021\/09\/15\/convivencia-de-inicio-de-curso-2021-22\/\" \/>\n<meta property=\"og:locale\" content=\"es_ES\" \/>\n<meta property=\"og:type\" content=\"article\" \/>\n<meta property=\"og:title\" content=\"Convivencia de inicio de curso 2021-22 - P\u00e1gina web de JOSE CADELO\" \/>\n<meta property=\"og:description\" content=\"Los alumnos del ciclo de Administrativo visitan la exposici\u00f3n de Picasso en el Centro Bot\u00edn como salida cultural de inicio de curso 2021-22. Un bonito d\u00eda para comentar la gran exposici\u00f3n de Picasso a la que pudimos asistir. Para ver Leer m\u00e1s...\" \/>\n<meta property=\"og:url\" content=\"https:\/\/josecadelo.com\/index.php\/2021\/09\/15\/convivencia-de-inicio-de-curso-2021-22\/\" \/>\n<meta property=\"og:site_name\" content=\"P\u00e1gina web de JOSE CADELO\" \/>\n<meta property=\"article:published_time\" content=\"2021-09-15T21:04:27+00:00\" \/>\n<meta property=\"article:modified_time\" content=\"2026-04-27T11:41:28+00:00\" \/>\n<meta property=\"og:image\" content=\"https:\/\/josecadelo.com\/wp-content\/uploads\/2021\/09\/comienzo-de-curso.jpg\" \/>\n\t<meta property=\"og:image:width\" content=\"281\" \/>\n\t<meta property=\"og:image:height\" content=\"179\" \/>\n<meta name=\"twitter:card\" content=\"summary_large_image\" \/>\n<meta name=\"twitter:label1\" content=\"Tiempo de lectura\">\n\t<meta name=\"twitter:data1\" content=\"1 minuto\">\n<script type=\"application\/ld+json\" class=\"yoast-schema-graph\">{\"@context\":\"https:\/\/schema.org\",\"@graph\":[{\"@type\":\"WebSite\",\"@id\":\"https:\/\/josecadelo.com\/#website\",\"url\":\"https:\/\/josecadelo.com\/\",\"name\":\"P\\u00e1gina web de JOSE CADELO\",\"description\":\"Profesor de Formaci\\u00f3n Profesional del Colegio \\u00c1ngeles Custodios  y Universidad de Cantabria\",\"potentialAction\":[{\"@type\":\"SearchAction\",\"target\":\"https:\/\/josecadelo.com\/?s={search_term_string}\",\"query-input\":\"required name=search_term_string\"}],\"inLanguage\":\"es\"},{\"@type\":\"ImageObject\",\"@id\":\"https:\/\/josecadelo.com\/index.php\/2021\/09\/15\/convivencia-de-inicio-de-curso-2021-22\/#primaryimage\",\"inLanguage\":\"es\",\"url\":\"https:\/\/josecadelo.com\/wp-content\/uploads\/2021\/09\/comienzo-de-curso.jpg\",\"contentUrl\":\"https:\/\/josecadelo.com\/wp-content\/uploads\/2021\/09\/comienzo-de-curso.jpg\",\"width\":281,\"height\":179},{\"@type\":\"WebPage\",\"@id\":\"https:\/\/josecadelo.com\/index.php\/2021\/09\/15\/convivencia-de-inicio-de-curso-2021-22\/#webpage\",\"url\":\"https:\/\/josecadelo.com\/index.php\/2021\/09\/15\/convivencia-de-inicio-de-curso-2021-22\/\",\"name\":\"Convivencia de inicio de curso 2021-22 - P\\u00e1gina web de JOSE CADELO\",\"isPartOf\":{\"@id\":\"https:\/\/josecadelo.com\/#website\"},\"primaryImageOfPage\":{\"@id\":\"https:\/\/josecadelo.com\/index.php\/2021\/09\/15\/convivencia-de-inicio-de-curso-2021-22\/#primaryimage\"},\"datePublished\":\"2021-09-15T21:04:27+00:00\",\"dateModified\":\"2026-04-27T11:41:28+00:00\",\"author\":{\"@id\":\"https:\/\/josecadelo.com\/#\/schema\/person\/1654f7e23b6841fa9a09d40642fddaa5\"},\"breadcrumb\":{\"@id\":\"https:\/\/josecadelo.com\/index.php\/2021\/09\/15\/convivencia-de-inicio-de-curso-2021-22\/#breadcrumb\"},\"inLanguage\":\"es\",\"potentialAction\":[{\"@type\":\"ReadAction\",\"target\":[\"https:\/\/josecadelo.com\/index.php\/2021\/09\/15\/convivencia-de-inicio-de-curso-2021-22\/\"]}]},{\"@type\":\"BreadcrumbList\",\"@id\":\"https:\/\/josecadelo.com\/index.php\/2021\/09\/15\/convivencia-de-inicio-de-curso-2021-22\/#breadcrumb\",\"itemListElement\":[{\"@type\":\"ListItem\",\"position\":1,\"item\":{\"@type\":\"WebPage\",\"@id\":\"https:\/\/josecadelo.com\/index.php\/2021\/09\/15\/convivencia-de-inicio-de-curso-2021-22\/\",\"url\":\"https:\/\/josecadelo.com\/index.php\/2021\/09\/15\/convivencia-de-inicio-de-curso-2021-22\/\",\"name\":\"Convivencia de inicio de curso 2021-22\"}}]},{\"@type\":\"Person\",\"@id\":\"https:\/\/josecadelo.com\/#\/schema\/person\/1654f7e23b6841fa9a09d40642fddaa5\",\"name\":\"admin\",\"image\":{\"@type\":\"ImageObject\",\"@id\":\"https:\/\/josecadelo.com\/#personlogo\",\"inLanguage\":\"es\",\"url\":\"https:\/\/secure.gravatar.com\/avatar\/5187f85bb6479ba531e27a5cec77ca8f7b4aa154ffa4793cc58bb6cb08b089ca?s=96&d=mm&r=g\",\"contentUrl\":\"https:\/\/secure.gravatar.com\/avatar\/5187f85bb6479ba531e27a5cec77ca8f7b4aa154ffa4793cc58bb6cb08b089ca?s=96&d=mm&r=g\",\"caption\":\"admin\"},\"sameAs\":[\"https:\/\/josecadelo.com\"]}]}<\/script>\n<!-- \/ Yoast SEO plugin. -->","_links":{"self":[{"href":"https:\/\/josecadelo.com\/index.php\/wp-json\/wp\/v2\/posts\/673","targetHints":{"allow":["GET"]}}],"collection":[{"href":"https:\/\/josecadelo.com\/index.php\/wp-json\/wp\/v2\/posts"}],"about":[{"href":"https:\/\/josecadelo.com\/index.php\/wp-json\/wp\/v2\/types\/post"}],"author":[{"embeddable":true,"href":"https:\/\/josecadelo.com\/index.php\/wp-json\/wp\/v2\/users\/1"}],"replies":[{"embeddable":true,"href":"https:\/\/josecadelo.com\/index.php\/wp-json\/wp\/v2\/comments?post=673"}],"version-history":[{"count":4,"href":"https:\/\/josecadelo.com\/index.php\/wp-json\/wp\/v2\/posts\/673\/revisions"}],"predecessor-version":[{"id":872,"href":"https:\/\/josecadelo.com\/index.php\/wp-json\/wp\/v2\/posts\/673\/revisions\/872"}],"wp:featuredmedia":[{"embeddable":true,"href":"https:\/\/josecadelo.com\/index.php\/wp-json\/wp\/v2\/media\/870"}],"wp:attachment":[{"href":"https:\/\/josecadelo.com\/index.php\/wp-json\/wp\/v2\/media?parent=673"}],"wp:term":[{"taxonomy":"category","embeddable":true,"href":"https:\/\/josecadelo.com\/index.php\/wp-json\/wp\/v2\/categories?post=673"},{"taxonomy":"post_tag","embeddable":true,"href":"https:\/\/josecadelo.com\/index.php\/wp-json\/wp\/v2\/tags?post=673"}],"curies":[{"name":"wp","href":"https:\/\/api.w.org\/{rel}","templated":true}]}}