{"id":170,"date":"2020-06-10T21:07:46","date_gmt":"2020-06-10T21:07:46","guid":{"rendered":"https:\/\/josecadelo.com\/?p=170"},"modified":"2021-04-29T22:45:57","modified_gmt":"2021-04-29T22:45:57","slug":"el-grupo-de-administrativo-ganador-del-premio-de-mentores-en-start-innova","status":"publish","type":"post","link":"https:\/\/josecadelo.com\/index.php\/2020\/06\/10\/el-grupo-de-administrativo-ganador-del-premio-de-mentores-en-start-innova\/","title":{"rendered":"El grupo de administrativo ganador del premio de mentores, en Start-innova 2019-20"},"content":{"rendered":"<p>El equipo Manan SLNE, del centro \u00c1ngeles Custodios, mentorizado por Grupo Gomur, se alz\u00f3 con el Premio valorado por los mentores de STARTinnova en esta edici\u00f3n 2019-2020. Su proyecto \u2018EcoPlumix\u2019 es fabricaci\u00f3n de bolsas con el plumero de la Pampa (\u2018Cortaderia selloana\u2019). Este producto permitir\u00eda reducir la contaminaci\u00f3n por el uso del pl\u00e1stico y a la vez que se reutiliza esta planta invasora que produce impacto negativo sobre la salud humana y las extensiones de cultivo.<\/p>\n<section class=\"voc-ficha-detail\">\n<h4>Ganador de Mentores<\/h4>\n<dl>\n<dt>Mentor: Grupo Gomur.<\/dt>\n<dt>Centro: Colegio \u00c1ngeles Custodios<\/dt>\n<dt>Equipo Manan SLNE: Nicole Alvite, Almudena Arroyo, Mar\u00eda Eugenia Cu\u00e9llar, Nayara Abascal y Amparo Mart\u00ednez.<\/dt>\n<dt>Proyecto \u2018EcoPlumix\u2019. Fabricaci\u00f3n de bolsas con el plumero de la pampa.<\/dt>\n<\/dl>\n<\/section>\n<p>El equipo \u00abManan\u00bb del ciclo formativo de\u00a0<strong>Administrativo<\/strong>, liderado por los tutores Jos\u00e9 Antonio Cadelo y Jos\u00e9 Casuso, podr\u00e1 disfrutar de un premio en material tecnol\u00f3gico para el grupo de estudiantes. Adem\u00e1s, 3.000 euros en met\u00e1lico para el centro educativo y otros 3.000 euros en campa\u00f1a publicitaria en El Diario Monta\u00f1\u00e9s para la empresa mentora Grupo Gomur.<\/p>\n<p>Reducir la contaminaci\u00f3n por el uso del pl\u00e1stico a la vez que se utiliza la planta invasora del plumero de la Pampa es el objetivo de estas alumnas del colegio \u00c1ngeles Custodios y su mentor Grupo Gomur. Con este producto quieren aportar su grano de arena a la sociedad y forjar un futuro mejor, a la vez que hacen una aportaci\u00f3n de soluci\u00f3n al problema de la invasi\u00f3n del plumero de la Pampa y a la disminuci\u00f3n de la contaminaci\u00f3n.<\/p>\n<p>El equipo Manan Slne proponen la fabricaci\u00f3n de la bolsa con la \u2018Cortaderia selloana\u2019, ya que actualmente es un problema social que genera incomodidad, no s\u00f3lo a la comunidad sino tambi\u00e9n a extensiones de cultivos y jardines. Estas bolsas ayudan a la reducci\u00f3n de contaminaci\u00f3n por el uso del pl\u00e1stico, a la vez se reutiliza una planta invasora.<\/p>\n<article class=\"voc-article voc-article--l voc-home-tit-st voc-container-item-related \">\n<div class=\"voc-home-image \">\u00a0<\/div>\n<div class=\"voc-info-container\">\n<h3 class=\"voc-title\"><a title=\"Reutilizaci\u00f3n de bolsas ecol\u00f3gicas\" href=\"https:\/\/www.eldiariomontanes.es\/start-innova\/startinnova10\/reutilizacion-bolsas-ecologicas-20200520190720-ntvo.html#vca=modulos&amp;vso=eldiariomontanes&amp;vmc=noticias-rel-1-cmp&amp;vli=start%20innova\">Reutilizaci\u00f3n de bolsas ecol\u00f3gicas<\/a><\/h3>\n<p><span class=\"voc-locator\">CC \u00c1NGELES CUSTODIOS &amp; GRUPO GOMUR<\/span><\/p>\n<div class=\"voc-author-onplus-container\">\u00a0Esta contribuci\u00f3n con el medio en el que vivimos y ayudando a que esta planta invasora no sea m\u00e1s un problema si no la soluci\u00f3n a una necesidad que tenemos de eliminar la costumbre de utilizar bolsas pl\u00e1sticas.<\/div>\n<div class=\"voc-author-onplus-container\">\u00a0<\/div>\n<h1 class=\"voc-author-onplus-container\">\u00a1\u00a1Enhorabuena chicas por vuestro trabajo!!.<\/h1>\n<\/div>\n<\/article>\n","protected":false},"excerpt":{"rendered":"<p>El equipo Manan SLNE, del centro \u00c1ngeles Custodios, mentorizado por Grupo Gomur, se alz\u00f3 con el Premio valorado por los mentores de STARTinnova en esta edici\u00f3n 2019-2020. Su proyecto \u2018EcoPlumix\u2019 es fabricaci\u00f3n de bolsas con el plumero de la Pampa <a href=\"https:\/\/josecadelo.com\/index.php\/2020\/06\/10\/el-grupo-de-administrativo-ganador-del-premio-de-mentores-en-start-innova\/\" class=\"read-more\">Leer m\u00e1s&#8230;<\/a><\/p>\n","protected":false},"author":1,"featured_media":171,"comment_status":"open","ping_status":"closed","sticky":false,"template":"","format":"standard","meta":{"footnotes":""},"categories":[5],"tags":[11],"class_list":["post-170","post","type-post","status-publish","format-standard","has-post-thumbnail","hentry","category-administrativo","tag-start-innova"],"yoast_head":"<!-- This site is optimized with the Yoast SEO plugin v16.1.1 - https:\/\/yoast.com\/wordpress\/plugins\/seo\/ -->\n<title>El grupo de administrativo ganador del premio de mentores, en Start-innova 2019-20 - P\u00e1gina web de JOSE CADELO<\/title>\n<link rel=\"canonical\" href=\"https:\/\/josecadelo.com\/index.php\/2020\/06\/10\/el-grupo-de-administrativo-ganador-del-premio-de-mentores-en-start-innova\/\" \/>\n<meta property=\"og:locale\" content=\"es_ES\" \/>\n<meta property=\"og:type\" content=\"article\" \/>\n<meta property=\"og:title\" content=\"El grupo de administrativo ganador del premio de mentores, en Start-innova 2019-20 - P\u00e1gina web de JOSE CADELO\" \/>\n<meta property=\"og:description\" content=\"El equipo Manan SLNE, del centro \u00c1ngeles Custodios, mentorizado por Grupo Gomur, se alz\u00f3 con el Premio valorado por los mentores de STARTinnova en esta edici\u00f3n 2019-2020. Su proyecto \u2018EcoPlumix\u2019 es fabricaci\u00f3n de bolsas con el plumero de la Pampa Leer m\u00e1s...\" \/>\n<meta property=\"og:url\" content=\"https:\/\/josecadelo.com\/index.php\/2020\/06\/10\/el-grupo-de-administrativo-ganador-del-premio-de-mentores-en-start-innova\/\" \/>\n<meta property=\"og:site_name\" content=\"P\u00e1gina web de JOSE CADELO\" \/>\n<meta property=\"article:published_time\" content=\"2020-06-10T21:07:46+00:00\" \/>\n<meta property=\"article:modified_time\" content=\"2021-04-29T22:45:57+00:00\" \/>\n<meta property=\"og:image\" content=\"https:\/\/josecadelo.com\/wp-content\/uploads\/2021\/04\/fotoganador_mentores.jpg\" \/>\n\t<meta property=\"og:image:width\" content=\"1374\" \/>\n\t<meta property=\"og:image:height\" content=\"940\" \/>\n<meta name=\"twitter:card\" content=\"summary_large_image\" \/>\n<meta name=\"twitter:label1\" content=\"Tiempo de lectura\">\n\t<meta name=\"twitter:data1\" content=\"2 minutos\">\n<script type=\"application\/ld+json\" class=\"yoast-schema-graph\">{\"@context\":\"https:\/\/schema.org\",\"@graph\":[{\"@type\":\"WebSite\",\"@id\":\"https:\/\/josecadelo.com\/#website\",\"url\":\"https:\/\/josecadelo.com\/\",\"name\":\"P\\u00e1gina web de JOSE CADELO\",\"description\":\"Profesor de Formaci\\u00f3n Profesional del Colegio \\u00c1ngeles Custodios  y Universidad de Cantabria\",\"potentialAction\":[{\"@type\":\"SearchAction\",\"target\":\"https:\/\/josecadelo.com\/?s={search_term_string}\",\"query-input\":\"required name=search_term_string\"}],\"inLanguage\":\"es\"},{\"@type\":\"ImageObject\",\"@id\":\"https:\/\/josecadelo.com\/index.php\/2020\/06\/10\/el-grupo-de-administrativo-ganador-del-premio-de-mentores-en-start-innova\/#primaryimage\",\"inLanguage\":\"es\",\"url\":\"https:\/\/josecadelo.com\/wp-content\/uploads\/2021\/04\/fotoganador_mentores.jpg\",\"contentUrl\":\"https:\/\/josecadelo.com\/wp-content\/uploads\/2021\/04\/fotoganador_mentores.jpg\",\"width\":1374,\"height\":940},{\"@type\":\"WebPage\",\"@id\":\"https:\/\/josecadelo.com\/index.php\/2020\/06\/10\/el-grupo-de-administrativo-ganador-del-premio-de-mentores-en-start-innova\/#webpage\",\"url\":\"https:\/\/josecadelo.com\/index.php\/2020\/06\/10\/el-grupo-de-administrativo-ganador-del-premio-de-mentores-en-start-innova\/\",\"name\":\"El grupo de administrativo ganador del premio de mentores, en Start-innova 2019-20 - P\\u00e1gina web de JOSE CADELO\",\"isPartOf\":{\"@id\":\"https:\/\/josecadelo.com\/#website\"},\"primaryImageOfPage\":{\"@id\":\"https:\/\/josecadelo.com\/index.php\/2020\/06\/10\/el-grupo-de-administrativo-ganador-del-premio-de-mentores-en-start-innova\/#primaryimage\"},\"datePublished\":\"2020-06-10T21:07:46+00:00\",\"dateModified\":\"2021-04-29T22:45:57+00:00\",\"author\":{\"@id\":\"https:\/\/josecadelo.com\/#\/schema\/person\/1654f7e23b6841fa9a09d40642fddaa5\"},\"breadcrumb\":{\"@id\":\"https:\/\/josecadelo.com\/index.php\/2020\/06\/10\/el-grupo-de-administrativo-ganador-del-premio-de-mentores-en-start-innova\/#breadcrumb\"},\"inLanguage\":\"es\",\"potentialAction\":[{\"@type\":\"ReadAction\",\"target\":[\"https:\/\/josecadelo.com\/index.php\/2020\/06\/10\/el-grupo-de-administrativo-ganador-del-premio-de-mentores-en-start-innova\/\"]}]},{\"@type\":\"BreadcrumbList\",\"@id\":\"https:\/\/josecadelo.com\/index.php\/2020\/06\/10\/el-grupo-de-administrativo-ganador-del-premio-de-mentores-en-start-innova\/#breadcrumb\",\"itemListElement\":[{\"@type\":\"ListItem\",\"position\":1,\"item\":{\"@type\":\"WebPage\",\"@id\":\"https:\/\/josecadelo.com\/index.php\/2020\/06\/10\/el-grupo-de-administrativo-ganador-del-premio-de-mentores-en-start-innova\/\",\"url\":\"https:\/\/josecadelo.com\/index.php\/2020\/06\/10\/el-grupo-de-administrativo-ganador-del-premio-de-mentores-en-start-innova\/\",\"name\":\"El grupo de administrativo ganador del premio de mentores, en Start-innova 2019-20\"}}]},{\"@type\":\"Person\",\"@id\":\"https:\/\/josecadelo.com\/#\/schema\/person\/1654f7e23b6841fa9a09d40642fddaa5\",\"name\":\"admin\",\"image\":{\"@type\":\"ImageObject\",\"@id\":\"https:\/\/josecadelo.com\/#personlogo\",\"inLanguage\":\"es\",\"url\":\"https:\/\/secure.gravatar.com\/avatar\/5187f85bb6479ba531e27a5cec77ca8f7b4aa154ffa4793cc58bb6cb08b089ca?s=96&d=mm&r=g\",\"contentUrl\":\"https:\/\/secure.gravatar.com\/avatar\/5187f85bb6479ba531e27a5cec77ca8f7b4aa154ffa4793cc58bb6cb08b089ca?s=96&d=mm&r=g\",\"caption\":\"admin\"},\"sameAs\":[\"https:\/\/josecadelo.com\"]}]}<\/script>\n<!-- \/ Yoast SEO plugin. -->","_links":{"self":[{"href":"https:\/\/josecadelo.com\/index.php\/wp-json\/wp\/v2\/posts\/170","targetHints":{"allow":["GET"]}}],"collection":[{"href":"https:\/\/josecadelo.com\/index.php\/wp-json\/wp\/v2\/posts"}],"about":[{"href":"https:\/\/josecadelo.com\/index.php\/wp-json\/wp\/v2\/types\/post"}],"author":[{"embeddable":true,"href":"https:\/\/josecadelo.com\/index.php\/wp-json\/wp\/v2\/users\/1"}],"replies":[{"embeddable":true,"href":"https:\/\/josecadelo.com\/index.php\/wp-json\/wp\/v2\/comments?post=170"}],"version-history":[{"count":2,"href":"https:\/\/josecadelo.com\/index.php\/wp-json\/wp\/v2\/posts\/170\/revisions"}],"predecessor-version":[{"id":344,"href":"https:\/\/josecadelo.com\/index.php\/wp-json\/wp\/v2\/posts\/170\/revisions\/344"}],"wp:featuredmedia":[{"embeddable":true,"href":"https:\/\/josecadelo.com\/index.php\/wp-json\/wp\/v2\/media\/171"}],"wp:attachment":[{"href":"https:\/\/josecadelo.com\/index.php\/wp-json\/wp\/v2\/media?parent=170"}],"wp:term":[{"taxonomy":"category","embeddable":true,"href":"https:\/\/josecadelo.com\/index.php\/wp-json\/wp\/v2\/categories?post=170"},{"taxonomy":"post_tag","embeddable":true,"href":"https:\/\/josecadelo.com\/index.php\/wp-json\/wp\/v2\/tags?post=170"}],"curies":[{"name":"wp","href":"https:\/\/api.w.org\/{rel}","templated":true}]}}