{"id":148,"date":"2021-03-01T17:44:14","date_gmt":"2021-03-01T17:44:14","guid":{"rendered":"https:\/\/josecadelo.com\/?p=148"},"modified":"2021-05-02T17:59:56","modified_gmt":"2021-05-02T17:59:56","slug":"finalistas-del-proyecto-startinnova-2020-21","status":"publish","type":"post","link":"https:\/\/josecadelo.com\/index.php\/2021\/03\/01\/finalistas-del-proyecto-startinnova-2020-21\/","title":{"rendered":"Un grupo del ciclo de Farmacia, Finalista del proyecto Start-innova 2020-21"},"content":{"rendered":"<p id=\"E90\">El grupo del Ciclo Formativo de Farmacia y Parafarmacia, llamado EL BIEN COM\u00daN, ha quedado finalista con el proyecto EMERQUIK en el programa de emprendimiento Startinnova 2020-21.<\/p>\n<p id=\"E106\">El objetivo principal del proyecto es la creaci\u00f3n de una Aplicaci\u00f3n Web que sirva para evitar las aglomeraciones en las diferentes urgencias. Esta App proporcionar\u00eda informaci\u00f3n a la poblaci\u00f3n acerca de la situaci\u00f3n del servicio de urgencia hospitalario en cada \u00e1rea de salud con el fin de evitar tiempo de espera\u00bb.<\/p>\n<p id=\"E121\">El grupo est\u00e1 formado por cuatro alumnas: Alba Soler Palacio, Ana Iglesias Pardo, \u00c1ngela Obeso Vallejo y Marta Crespo Mart\u00ednez.<\/p>\n<p id=\"E132\">Felicitamos a todos los estudiantes que han participado y deseamos mucha suerte al grupo finalista en la defensa del proyecto.<\/p>\n","protected":false},"excerpt":{"rendered":"<p>El grupo del Ciclo Formativo de Farmacia y Parafarmacia, llamado EL BIEN COM\u00daN, ha quedado finalista con el proyecto EMERQUIK en el programa de emprendimiento Startinnova 2020-21. El objetivo principal del proyecto es la creaci\u00f3n de una Aplicaci\u00f3n Web que <a href=\"https:\/\/josecadelo.com\/index.php\/2021\/03\/01\/finalistas-del-proyecto-startinnova-2020-21\/\" class=\"read-more\">Leer m\u00e1s&#8230;<\/a><\/p>\n","protected":false},"author":1,"featured_media":149,"comment_status":"open","ping_status":"closed","sticky":false,"template":"","format":"standard","meta":{"footnotes":""},"categories":[6],"tags":[11],"class_list":["post-148","post","type-post","status-publish","format-standard","has-post-thumbnail","hentry","category-farmacia","tag-start-innova"],"yoast_head":"<!-- This site is optimized with the Yoast SEO plugin v16.1.1 - https:\/\/yoast.com\/wordpress\/plugins\/seo\/ -->\n<title>Un grupo del ciclo de Farmacia, Finalista del proyecto Start-innova 2020-21 - P\u00e1gina web de JOSE CADELO<\/title>\n<link rel=\"canonical\" href=\"https:\/\/josecadelo.com\/index.php\/2021\/03\/01\/finalistas-del-proyecto-startinnova-2020-21\/\" \/>\n<meta property=\"og:locale\" content=\"es_ES\" \/>\n<meta property=\"og:type\" content=\"article\" \/>\n<meta property=\"og:title\" content=\"Un grupo del ciclo de Farmacia, Finalista del proyecto Start-innova 2020-21 - P\u00e1gina web de JOSE CADELO\" \/>\n<meta property=\"og:description\" content=\"El grupo del Ciclo Formativo de Farmacia y Parafarmacia, llamado EL BIEN COM\u00daN, ha quedado finalista con el proyecto EMERQUIK en el programa de emprendimiento Startinnova 2020-21. El objetivo principal del proyecto es la creaci\u00f3n de una Aplicaci\u00f3n Web que Leer m\u00e1s...\" \/>\n<meta property=\"og:url\" content=\"https:\/\/josecadelo.com\/index.php\/2021\/03\/01\/finalistas-del-proyecto-startinnova-2020-21\/\" \/>\n<meta property=\"og:site_name\" content=\"P\u00e1gina web de JOSE CADELO\" \/>\n<meta property=\"article:published_time\" content=\"2021-03-01T17:44:14+00:00\" \/>\n<meta property=\"article:modified_time\" content=\"2021-05-02T17:59:56+00:00\" \/>\n<meta property=\"og:image\" content=\"https:\/\/josecadelo.com\/wp-content\/uploads\/2021\/04\/Foto-finalistas-todos-scaled.jpg\" \/>\n\t<meta property=\"og:image:width\" content=\"2560\" \/>\n\t<meta property=\"og:image:height\" content=\"1920\" \/>\n<meta name=\"twitter:card\" content=\"summary_large_image\" \/>\n<meta name=\"twitter:label1\" content=\"Tiempo de lectura\">\n\t<meta name=\"twitter:data1\" content=\"1 minuto\">\n<script type=\"application\/ld+json\" class=\"yoast-schema-graph\">{\"@context\":\"https:\/\/schema.org\",\"@graph\":[{\"@type\":\"WebSite\",\"@id\":\"https:\/\/josecadelo.com\/#website\",\"url\":\"https:\/\/josecadelo.com\/\",\"name\":\"P\\u00e1gina web de JOSE CADELO\",\"description\":\"Profesor de Formaci\\u00f3n Profesional del Colegio \\u00c1ngeles Custodios  y Universidad de Cantabria\",\"potentialAction\":[{\"@type\":\"SearchAction\",\"target\":\"https:\/\/josecadelo.com\/?s={search_term_string}\",\"query-input\":\"required name=search_term_string\"}],\"inLanguage\":\"es\"},{\"@type\":\"ImageObject\",\"@id\":\"https:\/\/josecadelo.com\/index.php\/2021\/03\/01\/finalistas-del-proyecto-startinnova-2020-21\/#primaryimage\",\"inLanguage\":\"es\",\"url\":\"https:\/\/josecadelo.com\/wp-content\/uploads\/2021\/04\/Foto-finalistas-todos-scaled.jpg\",\"contentUrl\":\"https:\/\/josecadelo.com\/wp-content\/uploads\/2021\/04\/Foto-finalistas-todos-scaled.jpg\",\"width\":2560,\"height\":1920},{\"@type\":\"WebPage\",\"@id\":\"https:\/\/josecadelo.com\/index.php\/2021\/03\/01\/finalistas-del-proyecto-startinnova-2020-21\/#webpage\",\"url\":\"https:\/\/josecadelo.com\/index.php\/2021\/03\/01\/finalistas-del-proyecto-startinnova-2020-21\/\",\"name\":\"Un grupo del ciclo de Farmacia, Finalista del proyecto Start-innova 2020-21 - P\\u00e1gina web de JOSE CADELO\",\"isPartOf\":{\"@id\":\"https:\/\/josecadelo.com\/#website\"},\"primaryImageOfPage\":{\"@id\":\"https:\/\/josecadelo.com\/index.php\/2021\/03\/01\/finalistas-del-proyecto-startinnova-2020-21\/#primaryimage\"},\"datePublished\":\"2021-03-01T17:44:14+00:00\",\"dateModified\":\"2021-05-02T17:59:56+00:00\",\"author\":{\"@id\":\"https:\/\/josecadelo.com\/#\/schema\/person\/1654f7e23b6841fa9a09d40642fddaa5\"},\"breadcrumb\":{\"@id\":\"https:\/\/josecadelo.com\/index.php\/2021\/03\/01\/finalistas-del-proyecto-startinnova-2020-21\/#breadcrumb\"},\"inLanguage\":\"es\",\"potentialAction\":[{\"@type\":\"ReadAction\",\"target\":[\"https:\/\/josecadelo.com\/index.php\/2021\/03\/01\/finalistas-del-proyecto-startinnova-2020-21\/\"]}]},{\"@type\":\"BreadcrumbList\",\"@id\":\"https:\/\/josecadelo.com\/index.php\/2021\/03\/01\/finalistas-del-proyecto-startinnova-2020-21\/#breadcrumb\",\"itemListElement\":[{\"@type\":\"ListItem\",\"position\":1,\"item\":{\"@type\":\"WebPage\",\"@id\":\"https:\/\/josecadelo.com\/index.php\/2021\/03\/01\/finalistas-del-proyecto-startinnova-2020-21\/\",\"url\":\"https:\/\/josecadelo.com\/index.php\/2021\/03\/01\/finalistas-del-proyecto-startinnova-2020-21\/\",\"name\":\"Un grupo del ciclo de Farmacia, Finalista del proyecto Start-innova 2020-21\"}}]},{\"@type\":\"Person\",\"@id\":\"https:\/\/josecadelo.com\/#\/schema\/person\/1654f7e23b6841fa9a09d40642fddaa5\",\"name\":\"admin\",\"image\":{\"@type\":\"ImageObject\",\"@id\":\"https:\/\/josecadelo.com\/#personlogo\",\"inLanguage\":\"es\",\"url\":\"https:\/\/secure.gravatar.com\/avatar\/5187f85bb6479ba531e27a5cec77ca8f7b4aa154ffa4793cc58bb6cb08b089ca?s=96&d=mm&r=g\",\"contentUrl\":\"https:\/\/secure.gravatar.com\/avatar\/5187f85bb6479ba531e27a5cec77ca8f7b4aa154ffa4793cc58bb6cb08b089ca?s=96&d=mm&r=g\",\"caption\":\"admin\"},\"sameAs\":[\"https:\/\/josecadelo.com\"]}]}<\/script>\n<!-- \/ Yoast SEO plugin. -->","_links":{"self":[{"href":"https:\/\/josecadelo.com\/index.php\/wp-json\/wp\/v2\/posts\/148","targetHints":{"allow":["GET"]}}],"collection":[{"href":"https:\/\/josecadelo.com\/index.php\/wp-json\/wp\/v2\/posts"}],"about":[{"href":"https:\/\/josecadelo.com\/index.php\/wp-json\/wp\/v2\/types\/post"}],"author":[{"embeddable":true,"href":"https:\/\/josecadelo.com\/index.php\/wp-json\/wp\/v2\/users\/1"}],"replies":[{"embeddable":true,"href":"https:\/\/josecadelo.com\/index.php\/wp-json\/wp\/v2\/comments?post=148"}],"version-history":[{"count":2,"href":"https:\/\/josecadelo.com\/index.php\/wp-json\/wp\/v2\/posts\/148\/revisions"}],"predecessor-version":[{"id":345,"href":"https:\/\/josecadelo.com\/index.php\/wp-json\/wp\/v2\/posts\/148\/revisions\/345"}],"wp:featuredmedia":[{"embeddable":true,"href":"https:\/\/josecadelo.com\/index.php\/wp-json\/wp\/v2\/media\/149"}],"wp:attachment":[{"href":"https:\/\/josecadelo.com\/index.php\/wp-json\/wp\/v2\/media?parent=148"}],"wp:term":[{"taxonomy":"category","embeddable":true,"href":"https:\/\/josecadelo.com\/index.php\/wp-json\/wp\/v2\/categories?post=148"},{"taxonomy":"post_tag","embeddable":true,"href":"https:\/\/josecadelo.com\/index.php\/wp-json\/wp\/v2\/tags?post=148"}],"curies":[{"name":"wp","href":"https:\/\/api.w.org\/{rel}","templated":true}]}}